{"id":653,"date":"2019-02-13T19:13:49","date_gmt":"2019-02-13T18:13:49","guid":{"rendered":"http:\/\/www2.altenbergtrio.at\/?p=653"},"modified":"2019-02-13T19:13:55","modified_gmt":"2019-02-13T18:13:55","slug":"reger-sonate-nr-4-a-moll-fuer-violoncello-und-klavier-op-116","status":"publish","type":"post","link":"https:\/\/www.altenbergtrio.at\/en\/reger-sonate-nr-4-a-moll-fuer-violoncello-und-klavier-op-116\/","title":{"rendered":"Reger: Sonate [Nr.4] (a moll) f\u00fcr Violoncello und Klavier. Op. 116."},"content":{"rendered":"\n<h3 class=\"wp-block-heading\">Max Reger<\/h3>\n\n\n\n<p>* 19. M\u00e4rz 1873<br>\u2020 11. Mai 1916<\/p>\n\n\n\n<p><\/p>\n\n\n\n<h3 class=\"wp-block-heading\">Sonate [Nr.4] (a moll) f\u00fcr Violoncello und Klavier. Op. 116.<\/h3>\n\n\n\n<table class=\"wp-block-table\"><tbody><tr><td>Komponiert:<\/td><td>Oberaudorf, August &#8211; Anfang September 1910<\/td><\/tr><tr><td>Widmung:<\/td><td>Julius Klengel (1859-1933)<\/td><\/tr><tr><td>Urauff\u00fchrung:<\/td><td>Hamburg, 18. J\u00e4nner 1911<br>\nJakob Sakom (1877-?), Violoncello<br>\nJames Kwast (1852-1927), Klavier<\/td><\/tr><tr><td>Erstausgabe:<\/td><td>Peters, Leipzig, 1911<\/td><\/tr><\/tbody><\/table>\n\n\n\n<p>Die am 23. September 1910 in Leipzig beendete vierte und letzte \nCellosonate Max Regers ist heute nur recht selten zu h\u00f6ren. Doch in den \nJahren nach ihrer Entstehung galt sie geradezu als ein emblematisches \nWerk der musikalischen Avantgarde. So geh\u00f6rte sie etwa in Arnold \nSch\u00f6nbergs Wiener \u201eVerein f\u00fcr musikalische Privatauff\u00fchrungen\u201c \n(1918-1921) zu den meistgespielten St\u00fccken. Das Interesse der \nInterpreten f\u00fcr das anspruchsvolle und k\u00fchne Werk war so gro\u00df, da\u00df \nJulius Klengel, dem es gewidmet ist, die Urauff\u00fchrung einem Konkurrenten\n \u00fcberlassen mu\u00dfte: Am 18. J\u00e4nner 1911 hoben Jakob Sakom (Violoncello) \nund James Kwast (Klavier) die Sonate in Hamburg aus der Taufe.  Die \nsp\u00e4tere Vernachl\u00e4ssigung des Werkes (und von Regers Schaffen im \nallgemeinen) hat wohl mit der Entwicklung eines noch \u201eradikaleren\u201c neuen\n musikalischen Idioms zu tun, vor dem die Sprache Regers pl\u00f6tzlich als \n\u201esp\u00e4tromantisch\u201c erscheinen konnte. W\u00e4hrend also die Verfechter der \nModerne sich dem jeweils Neuesten zuwandten, zog die Mehrzahl der \n\u201ekonservativen\u201c H\u00f6rer und Interpreten ihre imagin\u00e4re Demarkationslinie \nbei Johannes Brahms und lie\u00df Max Reger neben diesem \u201eSchmied\u201c h\u00f6chstens \nnoch als \u201eSchmiedl\u201c gelten. W\u00e4hrend man in diesem Lager die frei \nassoziative Harmonik des Meisters als willk\u00fcrlich und gesucht \nkritisierte, stie\u00df man sich in jenem an den als stereotyp empfundenen \nRegerschen Formschemata. Vielleicht ist jetzt, nach dem Ende dieses \nkontroversenreichen Jahrhunderts, doch endlich die Zeit gekommen, dieses\n beeindruckende Werk unbeeinflu\u00dft von \u00e4sthetischen und ideologischen \nGrabenk\u00e4mpfen neu zu entdecken und zu w\u00fcrdigen.<\/p>\n\n\n\n<p style=\"text-align:right\">\u00a9 by Claus-Christian Schuster<\/p>\n","protected":false},"excerpt":{"rendered":"<p>Max Reger * 19. M\u00e4rz 1873\u2020 11. Mai 1916 Sonate [Nr.4] (a moll) f\u00fcr Violoncello und Klavier. Op. 116. Komponiert: Oberaudorf, August &#8211; Anfang September 1910 Widmung: Julius Klengel (1859-1933) Urauff\u00fchrung: Hamburg, 18. J\u00e4nner 1911 Jakob Sakom (1877-?), Violoncello James Kwast (1852-1927), Klavier Erstausgabe: Peters, Leipzig, 1911 Die am 23. September 1910 in Leipzig beendete [&hellip;]<\/p>\n","protected":false},"author":2,"featured_media":0,"comment_status":"closed","ping_status":"closed","sticky":false,"template":"","format":"standard","meta":{"footnotes":""},"categories":[11],"tags":[],"class_list":{"0":"post-653","1":"post","2":"type-post","3":"status-publish","4":"format-standard","6":"category-duos-klavier-violoncello","7":"entry"},"translation":{"provider":"WPGlobus","version":"3.0.1","language":"en","enabled_languages":["de","en"],"languages":{"de":{"title":true,"content":true,"excerpt":false},"en":{"title":false,"content":false,"excerpt":false}}},"_links":{"self":[{"href":"https:\/\/www.altenbergtrio.at\/en\/wp-json\/wp\/v2\/posts\/653","targetHints":{"allow":["GET"]}}],"collection":[{"href":"https:\/\/www.altenbergtrio.at\/en\/wp-json\/wp\/v2\/posts"}],"about":[{"href":"https:\/\/www.altenbergtrio.at\/en\/wp-json\/wp\/v2\/types\/post"}],"author":[{"embeddable":true,"href":"https:\/\/www.altenbergtrio.at\/en\/wp-json\/wp\/v2\/users\/2"}],"replies":[{"embeddable":true,"href":"https:\/\/www.altenbergtrio.at\/en\/wp-json\/wp\/v2\/comments?post=653"}],"version-history":[{"count":1,"href":"https:\/\/www.altenbergtrio.at\/en\/wp-json\/wp\/v2\/posts\/653\/revisions"}],"predecessor-version":[{"id":654,"href":"https:\/\/www.altenbergtrio.at\/en\/wp-json\/wp\/v2\/posts\/653\/revisions\/654"}],"wp:attachment":[{"href":"https:\/\/www.altenbergtrio.at\/en\/wp-json\/wp\/v2\/media?parent=653"}],"wp:term":[{"taxonomy":"category","embeddable":true,"href":"https:\/\/www.altenbergtrio.at\/en\/wp-json\/wp\/v2\/categories?post=653"},{"taxonomy":"post_tag","embeddable":true,"href":"https:\/\/www.altenbergtrio.at\/en\/wp-json\/wp\/v2\/tags?post=653"}],"curies":[{"name":"wp","href":"https:\/\/api.w.org\/{rel}","templated":true}]}}