{"id":268,"date":"2019-02-12T09:49:27","date_gmt":"2019-02-12T08:49:27","guid":{"rendered":"http:\/\/www2.altenbergtrio.at\/?p=268"},"modified":"2019-02-12T09:49:32","modified_gmt":"2019-02-12T08:49:32","slug":"barkauskas-modus-vivendi-op-108-1996","status":"publish","type":"post","link":"https:\/\/www.altenbergtrio.at\/en\/barkauskas-modus-vivendi-op-108-1996\/","title":{"rendered":"Barkauskas: Modus vivendi op. 108 (1996)"},"content":{"rendered":"\n<h3 class=\"wp-block-heading\">Vytautas Barkauskas<\/h3>\n\n\n\n<p>* 25. M\u00e4rz 1931<\/p>\n\n\n\n<p><\/p>\n\n\n\n<h3 class=\"wp-block-heading\">Modus vivendi op. 108 (1996)<\/h3>\n\n\n\n<table class=\"wp-block-table\"><tbody><tr><td>Komponiert&nbsp;<a href=\"javascript:moduleditopen('composed');\"><\/a>:<\/td><td>Vilnius, 25. M\u00e4rz bis 23. Juni 1996<\/td><\/tr><tr><td>Urauff\u00fchrung&nbsp;<a href=\"javascript:moduleditopen('firstPerformance:');\"><\/a>:<\/td><td>Vilnius, 12. November 1996, Armonai-Trio<br>\nIrena Uss-Armoniene, Klavier<br>\nIngrida Armonaite, Violine<br>\nRimantas Armonas, Violoncello<br>\n<\/td><\/tr><tr><td>Erstausgabe&nbsp;<a href=\"javascript:moduleditopen('firstEdition');\"><\/a>:<\/td><td>Manuskript<\/td><\/tr><\/tbody><\/table>\n\n\n\n<p>Schon ein Jahr vor seinem Studienabschlu\u00df in der Kompositionsklasse \nvon Antanas Ra\u010diunas hat Vytautas Barkauskas 1958 ein Klaviertrio \nverfa\u00dft, das er in der Folge \u2013 wie alle anderen vor 1964 entstandenen \nKompositionen \u2013 aus seinem Werkekatalog eliminiert hat. Erst 1990 \nstellte er sich wieder einer vergleichbaren Aufgabe, als er ein Trio f\u00fcr\n die von Bart\u00f3ks Contrasts (1938) geadelte Instrumentenkombination \nKlavier, Klarinette und Geige vorlegte (op. 92). Die Parallele zu dem \ngro\u00dfen Ungarn ist kein Zufall: Barkauskas ist auf den Tag genau f\u00fcnfzig \nJahre nach Bart\u00f3k geboren und hat ihn sich gewisserma\u00dfen zum \n\u201eNamensheiligen\u201c gew\u00e4hlt. Der skizzierte undogmatische <em>modus creandi<\/em> unseres Komponisten bew\u00e4hrt sich in dem sechs Jahre sp\u00e4ter entstandenen Klaviertrio <em>Modus vivendi<\/em>\n f\u00fcr die \u201eklassische\u201c Triobesetzung in besonders \u00fcberzeugender Weise. \nBarkauskas begann die Komposition an seinem 65. Geburtstag, und den \nautobiographischen Unterton des Werkes, das gleichzeitig R\u00fcckblick und \nBekenntnis ist, kann man nicht \u00fcberh\u00f6ren. Die verwendeten Zw\u00f6lftonreihen\n haben keinerlei M\u00fche, sich in das von ihnen weitestgehend unabh\u00e4ngige \nLeben des Werkes einzuf\u00fcgen \u2013 nirgendwo entsteht der Eindruck \n\u201ekonstruktiver\u201c Anstrengung. Wie von selbst f\u00fcgen sich Reihenfragmente \nzu fl\u00e4chigen Ostinati, die zu wechselnden tonalen Zentren gravitieren, \nohne die Vorherrschaft des \u201eGrundtones\u201c A (f\u00fcr den Komponisten ein \nTonsymbol seiner Frau Svetlana) zu unterminieren. Diesem Ausgangston der\n Reihe steht mit dem Endton D eine Chiffre f\u00fcr den Komponisten selbst \ngegen\u00fcber. Barkauskas\u00b4 Idiom kennt weder historische Ber\u00fchrungs\u00e4ngste \n(etwa im Zitieren \u201eimpressionistischer\u201c Texturen) noch gek\u00fcnstelte Scheu\n vor dem tonalen Substrat \u2013 im Gegenteil versteht es, sich die in ihm \ntradierte Kommunikationskraft (etwa in der leitmotivischen Verwendung \ndes Zusammenklanges eines Dur- und Mollakkordes im Halbtonabstand, der \nin den T\u00f6nen 1-6 der Reihe schon pr\u00e4formiert erscheint) zunutze zu \nmachen. Barkauskas hat mit diesem Werk bewiesen, da\u00df die einander \netliche Jahrzehnte hindurch unvers\u00f6hnlich gegen\u00fcberstehenden Idiome der \nMusik schon l\u00e4ngst einen fruchtbaren <em>modus vivendi<\/em> gefunden haben.<br>\n<br>\n<\/p>\n\n\n\n<p style=\"text-align:right\"><a rel=\"noreferrer noopener\" href=\"http:\/\/www.dacameradata.at\/texte\/\" target=\"_blank\"><\/a>\u00a9 by Claus-Christian Schuster\ufeff<\/p>\n","protected":false},"excerpt":{"rendered":"<p>Vytautas Barkauskas * 25. M\u00e4rz 1931 Modus vivendi op. 108 (1996) Komponiert&nbsp;: Vilnius, 25. M\u00e4rz bis 23. Juni 1996 Urauff\u00fchrung&nbsp;: Vilnius, 12. November 1996, Armonai-Trio Irena Uss-Armoniene, Klavier Ingrida Armonaite, Violine Rimantas Armonas, Violoncello Erstausgabe&nbsp;: Manuskript Schon ein Jahr vor seinem Studienabschlu\u00df in der Kompositionsklasse von Antanas Ra\u010diunas hat Vytautas Barkauskas 1958 ein Klaviertrio verfa\u00dft, [&hellip;]<\/p>\n","protected":false},"author":2,"featured_media":0,"comment_status":"closed","ping_status":"closed","sticky":false,"template":"","format":"standard","meta":{"footnotes":""},"categories":[4],"tags":[],"class_list":{"0":"post-268","1":"post","2":"type-post","3":"status-publish","4":"format-standard","6":"category-klaviertrios-klavier-violine-und-violoncello","7":"entry"},"translation":{"provider":"WPGlobus","version":"3.0.1","language":"en","enabled_languages":["de","en"],"languages":{"de":{"title":true,"content":true,"excerpt":false},"en":{"title":false,"content":false,"excerpt":false}}},"_links":{"self":[{"href":"https:\/\/www.altenbergtrio.at\/en\/wp-json\/wp\/v2\/posts\/268","targetHints":{"allow":["GET"]}}],"collection":[{"href":"https:\/\/www.altenbergtrio.at\/en\/wp-json\/wp\/v2\/posts"}],"about":[{"href":"https:\/\/www.altenbergtrio.at\/en\/wp-json\/wp\/v2\/types\/post"}],"author":[{"embeddable":true,"href":"https:\/\/www.altenbergtrio.at\/en\/wp-json\/wp\/v2\/users\/2"}],"replies":[{"embeddable":true,"href":"https:\/\/www.altenbergtrio.at\/en\/wp-json\/wp\/v2\/comments?post=268"}],"version-history":[{"count":1,"href":"https:\/\/www.altenbergtrio.at\/en\/wp-json\/wp\/v2\/posts\/268\/revisions"}],"predecessor-version":[{"id":269,"href":"https:\/\/www.altenbergtrio.at\/en\/wp-json\/wp\/v2\/posts\/268\/revisions\/269"}],"wp:attachment":[{"href":"https:\/\/www.altenbergtrio.at\/en\/wp-json\/wp\/v2\/media?parent=268"}],"wp:term":[{"taxonomy":"category","embeddable":true,"href":"https:\/\/www.altenbergtrio.at\/en\/wp-json\/wp\/v2\/categories?post=268"},{"taxonomy":"post_tag","embeddable":true,"href":"https:\/\/www.altenbergtrio.at\/en\/wp-json\/wp\/v2\/tags?post=268"}],"curies":[{"name":"wp","href":"https:\/\/api.w.org\/{rel}","templated":true}]}}